[{"@context":"https:\/\/schema.org\/","@type":"Article","@id":"https:\/\/www.elmaz.cz\/panska-moda-je-nekdy-osemetna\/#Article","mainEntityOfPage":"https:\/\/www.elmaz.cz\/panska-moda-je-nekdy-osemetna\/","headline":"P\u00e1nsk\u00e1 m\u00f3da je n\u011bkdy o\u0161emetn\u00e1","name":"P\u00e1nsk\u00e1 m\u00f3da je n\u011bkdy o\u0161emetn\u00e1","description":"Co nos\u00edte s sebou? M\u00e1lokdo odejde z domu jen tak s pr\u00e1zdn\u00fdma rukama. V\u017edycky je lep\u0161\u00ed m\u00edt s sebou n\u011bjakou ta\u0161ku, kam se vejde p\u00e1r nezbytnost\u00ed, kter\u00e9 denn\u011b pou\u017e\u00edv\u00e1me v\u0161ichni.... ","datePublished":"2023-10-10","dateModified":"2023-10-10","author":{"@type":"Person","@id":"https:\/\/www.elmaz.cz\/author\/#Person","name":"","url":"https:\/\/www.elmaz.cz\/author\/","identifier":1,"image":{"@type":"ImageObject","@id":"https:\/\/secure.gravatar.com\/avatar\/2dfb47fe8ef5e1795dc8fdf9fc01f7f6e0de0c5b588d6a35abd2f00b6a65d2be?s=96&d=mm&r=g","url":"https:\/\/secure.gravatar.com\/avatar\/2dfb47fe8ef5e1795dc8fdf9fc01f7f6e0de0c5b588d6a35abd2f00b6a65d2be?s=96&d=mm&r=g","height":96,"width":96}},"publisher":{"@type":"Organization","name":"elmaz.cz","logo":{"@type":"ImageObject","@id":"\/logo.png","url":"\/logo.png","width":600,"height":60}},"image":{"@type":"ImageObject","@id":"https:\/\/www.elmaz.cz\/wp-content\/uploads\/man-5965032_640.jpg","url":"https:\/\/www.elmaz.cz\/wp-content\/uploads\/man-5965032_640.jpg","height":0,"width":0},"url":"https:\/\/www.elmaz.cz\/panska-moda-je-nekdy-osemetna\/","about":["Nakupov\u00e1n\u00ed"],"wordCount":439,"articleBody":"        Co nos\u00edte s sebou? M\u00e1lokdo odejde z domu jen tak s pr\u00e1zdn\u00fdma rukama. V\u017edycky je lep\u0161\u00ed m\u00edt s sebou n\u011bjakou ta\u0161ku, kam se vejde p\u00e1r nezbytnost\u00ed, kter\u00e9 denn\u011b pou\u017e\u00edv\u00e1me v\u0161ichni. Kapesn\u00edky, pen\u011b\u017eenka, kl\u00ed\u010de a telefon jsou z\u00e1kladem, kter\u00fd ka\u017ed\u00fd nos\u00edme kdykoliv jdeme ven. \u017deny si v\u011bt\u0161inou berou n\u011bjakou kabelku. Maj\u00ed v\u00fdhodu, proto\u017ee v obchodech najdete spousty kabelek. Daj\u00ed se sehnat i za p\u00e1r korun, tak\u017ee v\u011bt\u0161ina \u017een m\u00e1 doma v\u00edce jak jednu kabelku. \u017deny kabelky m\u011bn\u00ed podle toho kam jdou, jak celou kabelku pot\u0159ebuj\u00ed, a tak\u00e9 podle toho, k \u010demu se dan\u00e1 kabelka hod\u00ed. \u017deny tedy maj\u00ed svoje v\u011bci kam d\u00e1t. Mu\u017ei v\u011bt\u0161inou svoje v\u011bci nos\u00ed po kaps\u00e1ch, tak\u017ee proto \u010dasto ztr\u00e1c\u00ed pen\u011b\u017eenky i kl\u00ed\u010de. N\u011bkdy se jim poda\u0159\u00ed svoje poklady d\u00e1t k partnerce do kabelky, ale ne v\u017edycky maj\u00ed \u017eeny tolik m\u00edsta.Jen\u017ee strkat svoje v\u011bci k \u017een\u011b ne\u0159e\u0161\u00ed probl\u00e9m, \u017ee i mu\u017ei pot\u0159ebuj\u00ed m\u00edt kam sv\u00e9 v\u011bci d\u00e1t. Bohu\u017eel co se t\u00fd\u010de v\u00fdb\u011bru, mu\u017ei jej maj\u00ed zna\u010dn\u011b omezen\u00fd. http:\/\/www.bikerscrown.com\/index.php\/aktuality-a-zajimavosti-bikers-crown\/omezeny-provoz-bikers-crown-pres-vanoce  Je probl\u00e9m sehnat kvalitn\u00ed a hezkou ta\u0161ku, kter\u00e1 nebude vypadat jako p\u00e1nsk\u00e1 kabelka. Mnoz\u00ed mu\u017ei by ocenili kvalitn\u00ed ko\u017eenou ta\u0161ku, kter\u00e1 bude tak akor\u00e1t velk\u00e1, nebude vypadat jako \u0161koln\u00ed aktovka, a bude se d\u00e1t nosit p\u0159es rameno. Jen\u017ee kdy\u017e se pod\u00edv\u00e1te do obchodu, uvid\u00edte bu\u010f l\u00e1tkov\u00e9 mal\u00e9 ta\u0161ti\u010dky a nebo velk\u00e9 ta\u0161ky, kter\u00e9 se hod\u00ed sp\u00ed\u0161e jako v\u00edkendov\u00e1 ta\u0161ka.Jestli chcete m\u00edt doma opravdu hezkou ta\u0161ku, vyberte si z na\u0161eho sortimentu. Ru\u010den\u011b vyr\u00e1b\u00edme nejen p\u00e1nsk\u00e9 ko\u017een\u00e9 ta\u0161ky, ale i spoustu dal\u0161\u00edho ko\u017een\u00e9ho zbo\u017e\u00ed. Na\u0161e p\u00e1nsk\u00e9 ta\u0161ky najdete v mnoha velikostech a designech. Na sv\u00e9 si u n\u00e1s p\u0159ijdou milovn\u00edci modern\u00edho designu i zast\u00e1nci klasiky. V\u0161echno zbo\u017e\u00ed vyr\u00e1b\u00edme sami na zak\u00e1zku, tak\u017ee n\u011bkdy je pot\u0159eba po\u010d\u00edtat s del\u0161\u00ed dodac\u00ed lh\u016ftou. Na\u0161e produkty jsou vhodn\u00e9 pro v\u0161echny, kte\u0159\u00ed cht\u011bj\u00ed m\u00edt kvalitn\u00ed v\u00fdrobek, kter\u00fd vydr\u017e\u00ed dlouh\u00e9 roky.Ko\u017een\u00e9 v\u00fdrobky jsou zn\u00e1m\u00e9 t\u00edm, \u017ee pokud se o n\u011b budete dov\u0159e starat, vydr\u017e\u00ed v\u00e1m opravdu dlouho.                                                                                                                                                                                                                                                                                                                                                                                                  "},{"@context":"https:\/\/schema.org\/","@type":"BreadcrumbList","itemListElement":[{"@type":"ListItem","position":1,"name":"P\u00e1nsk\u00e1 m\u00f3da je n\u011bkdy o\u0161emetn\u00e1","item":"https:\/\/www.elmaz.cz\/panska-moda-je-nekdy-osemetna\/#breadcrumbitem"}]}]